{"@context":{"dc":"http:\/\/purl.org\/dc\/elements\/1.1\/","skos":"http:\/\/www.w3.org\/2004\/02\/skos\/core#","skos:broader":{"@type":"@id"},"skos:inScheme":{"@type":"@id"},"skos:related":{"@type":"@id"},"skos:narrower":{"@type":"@id"},"skos:hasTopConcept":{"@type":"@id"},"skos:topConceptOf":{"@type":"@id"}},"@id":"https:\/\/diretorium.cariniana.ibict.br\/vocab\/xml.php?skosTema=1213","@type":"skos:Concept","skos:prefLabel":{"@language":"pt-BR","@value=":"V\u00e9rtices"},"skos:inScheme":"https:\/\/diretorium.cariniana.ibict.br\/vocab\/","dct:created":"2022-06-07 16:29:15","skos:note":[{"@lang":"pt-BR","@value":"\n\u2022\u00a0ID: 1213\n\u2022\u00a0T\u00edtulo: V\u00e9rtices\n\u2022\u00a0Institui\u00e7\u00e3o: Instituto Federal Fluminense (IFF)\n\u2022\u00a0Unidade: Editora Essentia (IFF)\n\u2022\u00a0Regi\u00e3o: Sudeste\u00a0\n\u2022\u00a0Telefone: +55 (22) 2737-5648\n\u2022\u00a0Editor respons\u00e1vel: Leandro dos Santos Viana\n\u2022\u00a0E-mail: essentia@iff.edu.br\n\u2022\u00a0Periodicidade: quadrimestral\n\u2022\u00a0ISSN Online: 1809-2667\n\u2022\u00a0ISSN Impresso: 1415-2843\n\u2022\u00a0URL:\u00a0https:\/\/editoraessentia.iff.edu.br\/index.php\/vertices\n\u2022\u00a0\u00c1rea do conhecimento: Engenharias, Ci\u00eancias Agr\u00e1rias, Filosofia, Letras e Lingu\u00edstica\n\u2022\u00a0Estrato Qualis:-\n\u2022\u00a0Ano de cria\u00e7\u00e3o: -\n\u00a0\n\u2022\u00a0Foco e escopo:\nA revista V\u00e9rtices constitui-se numa publica\u00e7\u00e3o peri\u00f3dica t\u00e9cnico-cient\u00edfica quadrimestral da Essentia Editora do Instituto Federal de Educa\u00e7\u00e3o, Ci\u00eancia e Tecnologia Fluminense (IFFluminense), que tem por finalidade publicar ARTIGOS ORIGINAIS, DE REVIS\u00c3O e DOSSI\u00caS TEM\u00c1TICOS sobre temas em Educa\u00e7\u00e3o, Sociologia e Servi\u00e7o Social. Devido ao seu aspecto MULTIDISCIPLINAR aceita, tamb\u00e9m, contribui\u00e7\u00f5es de outras \u00e1reas do conhecimento como Engenharias, Ci\u00eancias Agr\u00e1rias, Filosofia, Letras e Lingu\u00edstica, desde que condizentes com a sua pol\u00edtica editorial. Publica, ap\u00f3s processo de avalia\u00e7\u00e3o por pares (duplo-cego), contribui\u00e7\u00f5es in\u00e9ditas nos idiomas portugu\u00eas, espanhol e ingl\u00eas. O p\u00fablico-alvo \u00e9 composto de discentes dos cursos de Gradua\u00e7\u00e3o, P\u00f3s-Gradua\u00e7\u00e3o, Pesquisadores e interessados nas tem\u00e1ticas que abrangem o escopo da revista V\u00e9rtices. A partir do v.17 n.2, a revista passou a estar dispon\u00edvel exclusivamente no formato eletr\u00f4nico on-line em\u00a0Open Access. Este peri\u00f3dico n\u00e3o cobra taxas dos autores nem de suas institui\u00e7\u00f5es para a submiss\u00e3o, processamento e publica\u00e7\u00e3o de artigos.\n\u00a0\n\u2022\u00a0Boas pr\u00e1ticas:\nRevis\u00e3o por pares duplo-cego\nSegue diretrizes COPE\nAcesso aberto sem taxas\n\u2022\u00a0Sistema de preserva\u00e7\u00e3o digital: LOCKSS\/Rede Cariniana\n\u2022\u00a0Sistema de gerenciamento editorial: OJS 3 (Open Journal Systems)\/PKP\n\u2022\u00a0Tipo de licen\u00e7a: Creative Commons Attribution 4.0 (CC BY 4.0)\n\u2022\u00a0Prefixo DOI: n\u00e3o informado "}]}